{"id":469,"date":"2023-08-09T20:38:37","date_gmt":"2023-08-09T23:38:37","guid":{"rendered":"https:\/\/test.reducoc.org\/?p=469"},"modified":"2023-10-21T20:39:05","modified_gmt":"2023-10-21T23:39:05","slug":"fondo-atahualpa-yupanqui-memorias-en-papel","status":"publish","type":"post","link":"https:\/\/reducoc.org\/index.php\/2023\/08\/09\/fondo-atahualpa-yupanqui-memorias-en-papel\/","title":{"rendered":"Fondo Atahualpa Yupanqui: Memorias en papel"},"content":{"rendered":"\t\t<div data-elementor-type=\"wp-post\" data-elementor-id=\"469\" class=\"elementor elementor-469\">\n\t\t\t\t<header class=\"elementor-element elementor-element-c9f6961 e-flex e-con-boxed wpr-particle-no wpr-jarallax-no wpr-parallax-no wpr-sticky-section-no e-con e-parent\" data-id=\"c9f6961\" data-element_type=\"container\" data-settings=\"{&quot;background_background&quot;:&quot;gradient&quot;}\">\n\t\t\t\t\t<div class=\"e-con-inner\">\n\t\t\t\t<div class=\"elementor-element elementor-element-5f719d4 elementor-widget elementor-widget-heading\" data-id=\"5f719d4\" data-element_type=\"widget\" data-widget_type=\"heading.default\">\n\t\t\t\t<div class=\"elementor-widget-container\">\n\t\t\t\t\t<h2 class=\"elementor-heading-title elementor-size-default\">Noticias<\/h2>\t\t\t\t<\/div>\n\t\t\t\t<\/div>\n\t\t\t\t\t<\/div>\n\t\t\t\t<\/header>\n\t\t<header class=\"elementor-element elementor-element-fdbf9c6 e-flex e-con-boxed wpr-particle-no wpr-jarallax-no wpr-parallax-no wpr-sticky-section-no e-con e-parent\" data-id=\"fdbf9c6\" data-element_type=\"container\">\n\t\t\t\t\t<div class=\"e-con-inner\">\n\t\t<div class=\"elementor-element elementor-element-e13343b e-con-full e-flex wpr-particle-no wpr-jarallax-no wpr-parallax-no wpr-sticky-section-no e-con e-child\" data-id=\"e13343b\" data-element_type=\"container\">\n\t\t\t\t<div class=\"elementor-element elementor-element-60a1c09 elementor-widget__width-inherit elementor-widget elementor-widget-image\" data-id=\"60a1c09\" data-element_type=\"widget\" data-widget_type=\"image.default\">\n\t\t\t\t<div class=\"elementor-widget-container\">\n\t\t\t\t\t\t\t\t\t\t\t\t\t\t\t<img fetchpriority=\"high\" decoding=\"async\" width=\"500\" height=\"340\" src=\"https:\/\/reducoc.org\/wp-content\/uploads\/2023\/10\/usal-yupanqui.jpg\" class=\"attachment-large size-large wp-image-446\" alt=\"Atahualpa yupanqui imagen\" srcset=\"https:\/\/reducoc.org\/wp-content\/uploads\/2023\/10\/usal-yupanqui.jpg 500w, https:\/\/reducoc.org\/wp-content\/uploads\/2023\/10\/usal-yupanqui-300x204.jpg 300w\" sizes=\"(max-width: 500px) 100vw, 500px\" \/>\t\t\t\t\t\t\t\t\t\t\t\t\t\t\t<\/div>\n\t\t\t\t<\/div>\n\t\t\t\t<\/div>\n\t\t<div class=\"elementor-element elementor-element-87f14bb e-flex e-con-boxed wpr-particle-no wpr-jarallax-no wpr-parallax-no wpr-sticky-section-no e-con e-child\" data-id=\"87f14bb\" data-element_type=\"container\">\n\t\t\t\t\t<div class=\"e-con-inner\">\n\t\t<div class=\"elementor-element elementor-element-ec21657 e-flex e-con-boxed wpr-particle-no wpr-jarallax-no wpr-parallax-no wpr-sticky-section-no e-con e-child\" data-id=\"ec21657\" data-element_type=\"container\">\n\t\t\t\t\t<div class=\"e-con-inner\">\n\t\t<div class=\"elementor-element elementor-element-cc29afe e-flex e-con-boxed wpr-particle-no wpr-jarallax-no wpr-parallax-no wpr-sticky-section-no e-con e-child\" data-id=\"cc29afe\" data-element_type=\"container\">\n\t\t\t\t\t<div class=\"e-con-inner\">\n\t\t\t\t<div class=\"elementor-element elementor-element-bf627c3 elementor-widget-divider--view-line elementor-widget elementor-widget-divider\" data-id=\"bf627c3\" data-element_type=\"widget\" data-widget_type=\"divider.default\">\n\t\t\t\t<div class=\"elementor-widget-container\">\n\t\t\t\t\t\t\t<div class=\"elementor-divider\">\n\t\t\t<span class=\"elementor-divider-separator\">\n\t\t\t\t\t\t<\/span>\n\t\t<\/div>\n\t\t\t\t\t\t<\/div>\n\t\t\t\t<\/div>\n\t\t\t\t\t<\/div>\n\t\t\t\t<\/div>\n\t\t\t\t\t<\/div>\n\t\t\t\t<\/div>\n\t\t<div class=\"elementor-element elementor-element-a6f391f e-flex e-con-boxed wpr-particle-no wpr-jarallax-no wpr-parallax-no wpr-sticky-section-no e-con e-child\" data-id=\"a6f391f\" data-element_type=\"container\">\n\t\t\t\t\t<div class=\"e-con-inner\">\n\t\t\t\t<div class=\"elementor-element elementor-element-51c423c elementor-widget elementor-widget-heading\" data-id=\"51c423c\" data-element_type=\"widget\" data-widget_type=\"heading.default\">\n\t\t\t\t<div class=\"elementor-widget-container\">\n\t\t\t\t\t<h2 class=\"elementor-heading-title elementor-size-default\">Fondo Atahualpa Yupanqui:<br>Memorias en papel<\/h2>\t\t\t\t<\/div>\n\t\t\t\t<\/div>\n\t\t\t\t\t<\/div>\n\t\t\t\t<\/div>\n\t\t\t\t\t<\/div>\n\t\t\t\t<\/div>\n\t\t\t\t\t<\/div>\n\t\t\t\t<\/header>\n\t\t<div class=\"elementor-element elementor-element-f757a54 e-flex e-con-boxed wpr-particle-no wpr-jarallax-no wpr-parallax-no wpr-sticky-section-no e-con e-parent\" data-id=\"f757a54\" data-element_type=\"container\">\n\t\t\t\t\t<div class=\"e-con-inner\">\n\t\t\t\t<div class=\"elementor-element elementor-element-d02f004 elementor-widget-divider--view-line elementor-widget elementor-widget-divider\" data-id=\"d02f004\" data-element_type=\"widget\" data-widget_type=\"divider.default\">\n\t\t\t\t<div class=\"elementor-widget-container\">\n\t\t\t\t\t\t\t<div class=\"elementor-divider\">\n\t\t\t<span class=\"elementor-divider-separator\">\n\t\t\t\t\t\t<\/span>\n\t\t<\/div>\n\t\t\t\t\t\t<\/div>\n\t\t\t\t<\/div>\n\t\t\t\t\t<\/div>\n\t\t\t\t<\/div>\n\t\t<div class=\"elementor-element elementor-element-ec13991 e-flex e-con-boxed wpr-particle-no wpr-jarallax-no wpr-parallax-no wpr-sticky-section-no e-con e-parent\" data-id=\"ec13991\" data-element_type=\"container\">\n\t\t\t\t\t<div class=\"e-con-inner\">\n\t\t<article class=\"elementor-element elementor-element-6b0eeef e-con-full e-flex wpr-particle-no wpr-jarallax-no wpr-parallax-no wpr-sticky-section-no e-con e-child\" data-id=\"6b0eeef\" data-element_type=\"container\">\n\t\t\t\t<div class=\"elementor-element elementor-element-6099c6c elementor-widget elementor-widget-text-editor\" data-id=\"6099c6c\" data-element_type=\"widget\" data-widget_type=\"text-editor.default\">\n\t\t\t\t<div class=\"elementor-widget-container\">\n\t\t\t\t\t\t\t\t\t<p><b>Fondo Atahualpa Yupanqui: Memorias en papel<\/b><\/p><p>Desde el a\u00f1o 2022 los libros y papeles que pertenecieron a Atahualpa Yupanqui y a su esposa, la pianista Antonietta Paule Pepin Fitzpatrick \u201cNenette\u201d ingresaron al\u00a0<b><i>Programa Memento de la Universidad del Salvador\u00a0<\/i><\/b>destinado a preservar a largo plazo el patrimonio documental de la USAL y colecciones particulares con valor hist\u00f3rico y cultural.<\/p><p>Comprendiendo el sentido de la obra yupanquiana para la cultura de ra\u00edz argentina, la Biblioteca Hist\u00f3rica de la USAL aun\u00f3 esfuerzos junto a la Fundaci\u00f3n Yupanqui (FAY) para poner en valor, preservar, catalogar, describir y restaurar este Fondo conformado por 4000 libros, 350 folletos y partituras. El Fondo se completa con un archivo de cartas, fotos, postales, programas de presentaciones, afiches, manuscritos y documentaci\u00f3n personal de H\u00e9ctor Roberto Chavero (Atahualpa Yupanqui) y Antonietta Fistzpatrick \u201cNenette\u201d (seud\u00f3nimo, Pablo del Cerro), quien fue coautora junto a Yupanqui de obras clave para el folclore argentino (Piedra y camino, Guitarra d\u00edmeto t\u00fa, etc.).<\/p><p>Para dar curso a este proyecto de gran envergadura se firm\u00f3 un Convenio de Cooperaci\u00f3n mutua entre la FAY y la USAL. Como fruto de dicho acuerdo hoy se encuentra en l\u00ednea el\u00a0<b><i>Cat\u00e1logo de libros de la Biblioteca La Capataza<\/i><\/b>. Es un cat\u00e1logo enriquecido con las 591 dedicatorias que Yupanqui cosech\u00f3 en sus libros. Adem\u00e1s de la catalogaci\u00f3n estandarizada bajo las normas internacionales, se puede acceder a las im\u00e1genes de dichas dedicatorias y a sus transcripciones. Ver el cat\u00e1logo p\u00fablico en :\u00a0<a href=\"https:\/\/bibliofundacionyupanqui.usal.edu.ar\/cgi-bin\/koha\/opac-main.pl\" target=\"_blank\" rel=\"noopener\">https:\/\/bibliofundacionyupanqui.usal.edu.ar\/cgi-bin\/koha\/opac-main.pl<\/a><\/p><p>\u00a0<\/p><p><b>ACTIVIDADES SEPTIEMBRE 2023<\/b><\/p><p>Del 7 al 9 septiembre pr\u00f3ximos se realizar\u00e1 en C\u00f3rdoba el Primer Congreso Internacional Yupanquiano organizado por el Ministerio de Cultura de la Naci\u00f3n. La conferencia inaugural estar\u00e1 a cargo de la Mg. Liliana Rega, Directora de las Bibliotecas de la USAL y coordinadora de Programa Memento. La ponencia se titula\u00a0<b><i>Fondo Atahualpa Yupanqui. La Capataza, la biblioteca de un caminante<\/i><\/b>. El Sr. Ministro de Cultura de la Naci\u00f3n, Prof. Trist\u00e1n Bauer tendr\u00e1 a cargo el cierre del Congreso.<\/p><p>Para tal ocasi\u00f3n se inaugurar\u00e1 la descripci\u00f3n archiv\u00edstica del Fondo Familiar Chavero-Fitzpatrick bajo la Plataforma Atom. Ver:\u00a0<a href=\"https:\/\/archivohistorico.usal.edu.ar\/index.php\/familia-chavero-fitzpatrick\" target=\"_blank\" rel=\"noopener\">https:\/\/archivohistorico.usal.edu.ar\/index.php\/familia-chavero-fitzpatrick<\/a><\/p><p>Asimismo, el 9 de septiembre en Cerro Colorado, C\u00f3rdoba la Vicerrectora Acad\u00e9mica de la USAL, Dra. Romina Cavalli, El Sr. Roberto H\u00e9ctor Chavero, Presidente de la FAY y el Ministro de Cultura de la Naci\u00f3n compartir\u00e1n el Acto de Inauguraci\u00f3n de la\u00a0<b><i>Biblioteca La Capataza<\/i><\/b>. Durante la actividad se realizar\u00e1 una exposici\u00f3n de libros seleccionados.<\/p><p>La inauguraci\u00f3n del Congreso se transmitir\u00e1 por las redes de la Biblioteca \/ USAL.<\/p><p>\u00a0<\/p><p><b>ACTIVIDADES FUTURAS<\/b><\/p><p>Desde hace m\u00e1s de diez a\u00f1os, la Biblioteca Hist\u00f3rica de la Universidad del Salvador publica su revista\u00a0<b><i>Huellas en papel\u00a0<\/i><\/b>para difundir los fondos y colecciones en formato papel y digital. Se puede consultar sus n\u00fameros aqu\u00ed:\u00a0<a href=\"https:\/\/p3.usal.edu.ar\/index.php\/huellas\/issue\/archive\" target=\"_blank\" rel=\"noopener\">https:\/\/p3.usal.edu.ar\/index.php\/huellas\/issue\/archive<\/a><\/p><p>A fines del a\u00f1o 2024 se planifica la publicaci\u00f3n del n\u00famero dedicado a la Biblioteca La Capataza.<\/p><p>Asimismo, se iniciar\u00e1n los trabajos de restauraci\u00f3n de libros y de digitalizaci\u00f3n de aquellas obras que se encuentren libres de derechos de autor.<\/p><p>\u00a0<\/p><p><b>Notas period\u00edsticas<br \/><\/b><span style=\"font-style: inherit; font-weight: inherit; color: var( --e-global-color-text ); font-family: var( --e-global-typography-text-font-family ), Sans-serif; text-align: var(--text-align); background-color: var(--ast-global-color-4);\">Es posible acceder a las notas period\u00edsticas realizadas en 2022 sobre este proyecto en:<\/span><\/p><ul><li><i><b>\u201cLos tesoros de la biblioteca personal de Atahualpa Yupanqui, para todos\u201d<br \/><\/b><\/i><a style=\"font-style: inherit; font-weight: inherit; font-family: var( --e-global-typography-text-font-family ), Sans-serif; text-align: var(--text-align);\" href=\"https:\/\/www.infobae.com\/cultura\/2022\/11\/04\/los-tesoros-de-la-biblioteca-personal-de-atahualpa-yupanqui-para-todos\/\" target=\"_blank\" rel=\"noopener\">https:\/\/www.infobae.com\/cultura\/2022\/11\/04\/los-tesoros-de-la-biblioteca-personal-de-atahualpa-yupanqui-para-todos\/<\/a><\/li><li><i><b>\u201cLos tesoros de la biblioteca de Atahualpa Yupanqui, a punto de estar disponibles para todos\u201d<br \/><\/b><\/i><a style=\"font-style: inherit; font-weight: inherit; font-family: var( --e-global-typography-text-font-family ), Sans-serif; text-align: var(--text-align);\" href=\"https:\/\/www.infobae.com\/cultura\/2022\/07\/14\/descubriendo-los-tesoros-de-la-capataza-la-biblioteca-de-atahualpa-yupanqui\/\" target=\"_blank\" rel=\"noopener\">https:\/\/www.infobae.com\/cultura\/2022\/07\/14\/descubriendo-los-tesoros-de-la-capataza-la-biblioteca-de-atahualpa-yupanqui\/<\/a><\/li><\/ul>\t\t\t\t\t\t\t\t<\/div>\n\t\t\t\t<\/div>\n\t\t\t\t<\/article>\n\t\t<div class=\"elementor-element elementor-element-51d821a e-con-full e-flex wpr-particle-no wpr-jarallax-no wpr-parallax-no wpr-sticky-section-no e-con e-child\" data-id=\"51d821a\" data-element_type=\"container\">\n\t\t\t\t<div class=\"elementor-element elementor-element-7444ca2 tpg-wrapper-align-center section-title-style-default section-title-align-left tpg-wrapper-align-left elementor-widget__width-initial title_position_default title_hover_border_default title-default img_hover_animation_default readmore-btn-default-style grid-hover-overlay-type-always tpg-el-box-border-enable tpg-border-bottom-disable elementor-widget elementor-widget-tpg-grid-layout\" data-id=\"7444ca2\" data-element_type=\"widget\" data-widget_type=\"tpg-grid-layout.default\">\n\t\t\t\t<div class=\"elementor-widget-container\">\n\t\t\t\t\t\t\t<div class=\"rt-container-fluid rt-tpg-container tpg-el-main-wrapper clearfix grid-layout1-main \"\n\t\t\t id=\"rt-tpg-container-3852854874\"\n\t\t\t data-layout=\"grid-layout1\"\n\t\t\t data-grid-style=\"tpg-full-height\"\n\t\t\t data-sc-id=\"elementor\"\n\t\t\t data-el-settings=''\n\t\t\t data-el-query=''\n\t\t\t data-el-path=''\n\t\t>\n\t\t\t\t\t\t<div class='tpg-header-wrapper '>\n\t\t\t\t\n        <div class=\"tpg-widget-heading-wrapper rt-clear heading-default \">\n            <span class=\"tpg-widget-heading-line line-left\"><\/span>\n            <h2 class='tpg-widget-heading'>\n            \n                                    <span>\n\t\t\t\t\t\tM\u00e1s noticias\t\t\t\t\t<\/span>\n                    \n                            <\/h2>            <span class=\"tpg-widget-heading-line line-right\"><\/span>\n\n            \n        <\/div>\n\n        \n        \t\t\t<\/div>\n\n\t\t\t<div data-title=\"Loading ...\" class=\"rt-row rt-content-loader grid-layout1 grid-behaviour tpg-full-height grid_layout_wrapper\">\n\t\t\t\t<div class=\"rt-col-md-12 rt-col-sm-6 rt-col-xs-12 default rt-grid-item post-2678 post type-post status-publish format-standard has-post-thumbnail hentry category-uncategorized tag-acto tag-papa-francisco tag-uca\"        data-id=\"2678\">\n    <div class=\"rt-holder tpg-post-holder \">\n        <div class=\"rt-detail rt-el-content-wrapper\">\n\t\t\t                <div class=\"rt-img-holder tpg-el-image-wrap has-thumbnail\">\n\t\t\t\t\t<a data-id=\"2678\" href=\"https:\/\/reducoc.org\/index.php\/2026\/04\/17\/acto-conmemorativo-francisco-para-siempre\/\" class=\"tpg-post-link\" target=\"_self\"><img class='rt-img-responsive' src='https:\/\/reducoc.org\/wp-content\/uploads\/2026\/04\/slider_inauguracion_papa_francisco.jpg' width=\"1300\" height=\"525\" alt='Acto conmemorativo &#8220;Francisco para siempre&#8221;'>        \n        <\/a>\n                <div class=\"overlay grid-hover-content\"><\/div>\n                        <\/div>\n\t\t\t\n\t\t\t<div class=\"entry-title-wrapper\"><h3 class=\"entry-title\"><a data-id=\"2678\" href=\"https:\/\/reducoc.org\/index.php\/2026\/04\/17\/acto-conmemorativo-francisco-para-siempre\/\" class=\"tpg-post-link\" target=\"_self\">Acto conmemorativo &#8220;Francisco para siempre&#8221;<\/a><\/h3><\/div>\n\t\t\t\n\n\t\t\t\n\t\t\t        <div class=\"post-footer\">\n            <div class=\"post-footer\">\n                <div class=\"read-more\">\n                    <a data-id=\"2678\" href=\"https:\/\/reducoc.org\/index.php\/2026\/04\/17\/acto-conmemorativo-francisco-para-siempre\/\" class=\"tpg-post-link\" target=\"_self\">Seguir leyendo<\/a>                <\/div>\n            <\/div>\n        <\/div>\n                <\/div>\n    <\/div>\n<\/div>\n<div class=\"rt-col-md-12 rt-col-sm-6 rt-col-xs-12 default rt-grid-item post-2671 post type-post status-publish format-standard has-post-thumbnail hentry category-uncategorized tag-donacion tag-libro tag-publicacion tag-usal\"        data-id=\"2671\">\n    <div class=\"rt-holder tpg-post-holder \">\n        <div class=\"rt-detail rt-el-content-wrapper\">\n\t\t\t                <div class=\"rt-img-holder tpg-el-image-wrap has-thumbnail\">\n\t\t\t\t\t<a data-id=\"2671\" href=\"https:\/\/reducoc.org\/index.php\/2026\/04\/16\/pre-estreno-el-punto-documental-sobre-el-p-quiles-sj\/\" class=\"tpg-post-link\" target=\"_self\"><img class='rt-img-responsive' src='https:\/\/reducoc.org\/wp-content\/uploads\/2026\/04\/el-punto.jpg' width=\"1080\" height=\"1350\" alt='Flyer de anuncio del documental El Punto del P. Quiles'>        \n        <\/a>\n                <div class=\"overlay grid-hover-content\"><\/div>\n                        <\/div>\n\t\t\t\n\t\t\t<div class=\"entry-title-wrapper\"><h3 class=\"entry-title\"><a data-id=\"2671\" href=\"https:\/\/reducoc.org\/index.php\/2026\/04\/16\/pre-estreno-el-punto-documental-sobre-el-p-quiles-sj\/\" class=\"tpg-post-link\" target=\"_self\">Pre estreno &#8220;El Punto&#8221;, documental sobre el P. Quiles SJ<\/a><\/h3><\/div>\n\t\t\t\n\n\t\t\t\n\t\t\t        <div class=\"post-footer\">\n            <div class=\"post-footer\">\n                <div class=\"read-more\">\n                    <a data-id=\"2671\" href=\"https:\/\/reducoc.org\/index.php\/2026\/04\/16\/pre-estreno-el-punto-documental-sobre-el-p-quiles-sj\/\" class=\"tpg-post-link\" target=\"_self\">Seguir leyendo<\/a>                <\/div>\n            <\/div>\n        <\/div>\n                <\/div>\n    <\/div>\n<\/div>\n\t\t\t<\/div>\n\t\t\t<div class='rt-pagination-wrap' data-total-pages='2' data-posts-per-page='2' data-type='pagination'><div class=\"rt-pagination\"><ul class=\"pagination-list\"><li class=\"active\"><span>1<\/span><\/li><li><a data-paged='2' href='https:\/\/reducoc.org\/index.php\/wp-json\/wp\/v2\/posts\/469\/page\/2\/'>2<\/a><\/li><\/ul><\/div><\/div>\n\t\t<\/div>\n\t\t\t\t\t\t<\/div>\n\t\t\t\t<\/div>\n\t\t\t\t<\/div>\n\t\t\t\t\t<\/div>\n\t\t\t\t<\/div>\n\t\t\t\t<\/div>\n\t\t","protected":false},"excerpt":{"rendered":"<p>Noticias Fondo Atahualpa Yupanqui: Memorias en papel Fondo Atahualpa Yupanqui: Memorias en papel Desde el a\u00f1o 2022 los libros y papeles que pertenecieron a Atahualpa Yupanqui y a su esposa, la pianista Antonietta Paule Pepin Fitzpatrick \u201cNenette\u201d ingresaron al\u00a0Programa Memento de la Universidad del Salvador\u00a0destinado a preservar a largo plazo el patrimonio documental de la USAL y colecciones particulares con valor hist\u00f3rico y cultural. Comprendiendo el sentido de la obra yupanquiana para la cultura de ra\u00edz argentina, la Biblioteca Hist\u00f3rica de la USAL aun\u00f3 esfuerzos junto a la Fundaci\u00f3n Yupanqui (FAY) para poner en valor, preservar, catalogar, describir y restaurar este Fondo conformado por 4000 libros, 350 folletos y partituras. El Fondo se completa con un archivo de cartas, fotos, postales, programas de presentaciones, afiches, manuscritos y documentaci\u00f3n personal de H\u00e9ctor Roberto Chavero (Atahualpa Yupanqui) y Antonietta Fistzpatrick \u201cNenette\u201d (seud\u00f3nimo, Pablo del Cerro), quien fue coautora junto a Yupanqui de obras clave para el folclore argentino (Piedra y camino, Guitarra d\u00edmeto t\u00fa, etc.). Para dar curso a este proyecto de gran envergadura se firm\u00f3 un Convenio de Cooperaci\u00f3n mutua entre la FAY y la USAL. Como fruto de dicho acuerdo hoy se encuentra en l\u00ednea el\u00a0Cat\u00e1logo de libros de la Biblioteca La Capataza. Es un cat\u00e1logo enriquecido con las 591 dedicatorias que Yupanqui cosech\u00f3 en sus libros. Adem\u00e1s de la catalogaci\u00f3n estandarizada bajo las normas internacionales, se puede acceder a las im\u00e1genes de dichas dedicatorias y a sus transcripciones. Ver el cat\u00e1logo p\u00fablico en :\u00a0https:\/\/bibliofundacionyupanqui.usal.edu.ar\/cgi-bin\/koha\/opac-main.pl ACTIVIDADES SEPTIEMBRE 2023 Del 7 al 9 septiembre pr\u00f3ximos se realizar\u00e1 en C\u00f3rdoba el Primer Congreso Internacional Yupanquiano organizado por el Ministerio de Cultura de la Naci\u00f3n. La conferencia inaugural estar\u00e1 a cargo de la Mg. Liliana Rega, Directora de las Bibliotecas de la USAL y coordinadora de Programa Memento. La ponencia se titula\u00a0Fondo Atahualpa Yupanqui. La Capataza, la biblioteca de un caminante. El Sr. Ministro de Cultura de la Naci\u00f3n, Prof. Trist\u00e1n Bauer tendr\u00e1 a cargo el cierre del Congreso. Para tal ocasi\u00f3n se inaugurar\u00e1 la descripci\u00f3n archiv\u00edstica del Fondo Familiar Chavero-Fitzpatrick bajo la Plataforma Atom. Ver:\u00a0https:\/\/archivohistorico.usal.edu.ar\/index.php\/familia-chavero-fitzpatrick Asimismo, el 9 de septiembre en Cerro Colorado, C\u00f3rdoba la Vicerrectora Acad\u00e9mica de la USAL, Dra. Romina Cavalli, El Sr. Roberto H\u00e9ctor Chavero, Presidente de la FAY y el Ministro de Cultura de la Naci\u00f3n compartir\u00e1n el Acto de Inauguraci\u00f3n de la\u00a0Biblioteca La Capataza. Durante la actividad se realizar\u00e1 una exposici\u00f3n de libros seleccionados. La inauguraci\u00f3n del Congreso se transmitir\u00e1 por las redes de la Biblioteca \/ USAL. ACTIVIDADES FUTURAS Desde hace m\u00e1s de diez a\u00f1os, la Biblioteca Hist\u00f3rica de la Universidad del Salvador publica su revista\u00a0Huellas en papel\u00a0para difundir los fondos y colecciones en formato papel y digital. Se puede consultar sus n\u00fameros aqu\u00ed:\u00a0https:\/\/p3.usal.edu.ar\/index.php\/huellas\/issue\/archive A fines del a\u00f1o 2024 se planifica la publicaci\u00f3n del n\u00famero dedicado a la Biblioteca La Capataza. Asimismo, se iniciar\u00e1n los trabajos de restauraci\u00f3n de libros y de digitalizaci\u00f3n de aquellas obras que se encuentren libres de derechos de autor. Notas period\u00edsticas Es posible acceder a las notas period\u00edsticas realizadas en 2022 sobre este proyecto en: \u201cLos tesoros de la biblioteca personal de Atahualpa Yupanqui, para todos\u201d https:\/\/www.infobae.com\/cultura\/2022\/11\/04\/los-tesoros-de-la-biblioteca-personal-de-atahualpa-yupanqui-para-todos\/ \u201cLos tesoros de la biblioteca de Atahualpa Yupanqui, a punto de estar disponibles para todos\u201d https:\/\/www.infobae.com\/cultura\/2022\/07\/14\/descubriendo-los-tesoros-de-la-capataza-la-biblioteca-de-atahualpa-yupanqui\/ M\u00e1s noticias Fondo Atahualpa Yupanqui: Memorias en papel Seguir leyendo Ciclo \u201cTejiendo redes por la educaci\u00f3n. El pacto educativo global en la Universidad\u201d. Seguir leyendo 1 2<\/p>\n","protected":false},"author":1,"featured_media":446,"comment_status":"closed","ping_status":"closed","sticky":false,"template":"elementor_header_footer","format":"standard","meta":{"_eb_attr":"","_uag_custom_page_level_css":"","site-sidebar-layout":"default","site-content-layout":"","ast-site-content-layout":"default","site-content-style":"default","site-sidebar-style":"default","ast-global-header-display":"","ast-banner-title-visibility":"","ast-main-header-display":"","ast-hfb-above-header-display":"","ast-hfb-below-header-display":"","ast-hfb-mobile-header-display":"","site-post-title":"","ast-breadcrumbs-content":"","ast-featured-img":"","footer-sml-layout":"disabled","theme-transparent-header-meta":"default","adv-header-id-meta":"","stick-header-meta":"","header-above-stick-meta":"","header-main-stick-meta":"","header-below-stick-meta":"","astra-migrate-meta-layouts":"set","ast-page-background-enabled":"default","ast-page-background-meta":{"desktop":{"background-color":"var(--ast-global-color-4)","background-image":"","background-repeat":"repeat","background-position":"center center","background-size":"auto","background-attachment":"scroll","background-type":"","background-media":"","overlay-type":"","overlay-color":"","overlay-gradient":""},"tablet":{"background-color":"","background-image":"","background-repeat":"repeat","background-position":"center center","background-size":"auto","background-attachment":"scroll","background-type":"","background-media":"","overlay-type":"","overlay-color":"","overlay-gradient":""},"mobile":{"background-color":"","background-image":"","background-repeat":"repeat","background-position":"center center","background-size":"auto","background-attachment":"scroll","background-type":"","background-media":"","overlay-type":"","overlay-color":"","overlay-gradient":""}},"ast-content-background-meta":{"desktop":{"background-color":"var(--ast-global-color-5)","background-image":"","background-repeat":"repeat","background-position":"center center","background-size":"auto","background-attachment":"scroll","background-type":"","background-media":"","overlay-type":"","overlay-color":"","overlay-gradient":""},"tablet":{"background-color":"var(--ast-global-color-5)","background-image":"","background-repeat":"repeat","background-position":"center center","background-size":"auto","background-attachment":"scroll","background-type":"","background-media":"","overlay-type":"","overlay-color":"","overlay-gradient":""},"mobile":{"background-color":"var(--ast-global-color-5)","background-image":"","background-repeat":"repeat","background-position":"center center","background-size":"auto","background-attachment":"scroll","background-type":"","background-media":"","overlay-type":"","overlay-color":"","overlay-gradient":""}},"footnotes":""},"categories":[1],"tags":[],"class_list":["post-469","post","type-post","status-publish","format-standard","has-post-thumbnail","hentry","category-uncategorized"],"uagb_featured_image_src":{"full":["https:\/\/reducoc.org\/wp-content\/uploads\/2023\/10\/usal-yupanqui.jpg",500,340,false],"thumbnail":["https:\/\/reducoc.org\/wp-content\/uploads\/2023\/10\/usal-yupanqui-150x150.jpg",150,150,true],"medium":["https:\/\/reducoc.org\/wp-content\/uploads\/2023\/10\/usal-yupanqui-300x204.jpg",300,204,true],"medium_large":["https:\/\/reducoc.org\/wp-content\/uploads\/2023\/10\/usal-yupanqui.jpg",500,340,false],"large":["https:\/\/reducoc.org\/wp-content\/uploads\/2023\/10\/usal-yupanqui.jpg",500,340,false],"1536x1536":["https:\/\/reducoc.org\/wp-content\/uploads\/2023\/10\/usal-yupanqui.jpg",500,340,false],"2048x2048":["https:\/\/reducoc.org\/wp-content\/uploads\/2023\/10\/usal-yupanqui.jpg",500,340,false],"post_card_thumb":["https:\/\/reducoc.org\/wp-content\/uploads\/2023\/10\/usal-yupanqui.jpg",500,340,false],"tp-image-grid":["https:\/\/reducoc.org\/wp-content\/uploads\/2023\/10\/usal-yupanqui.jpg",500,340,false]},"uagb_author_info":{"display_name":"admin","author_link":"https:\/\/reducoc.org\/index.php\/author\/admin\/"},"uagb_comment_info":0,"uagb_excerpt":"Noticias Fondo Atahualpa Yupanqui: Memorias en papel Fondo Atahualpa Yupanqui: Memorias en papel Desde el a\u00f1o 2022 los libros y papeles que pertenecieron a Atahualpa Yupanqui y a su esposa, la pianista Antonietta Paule Pepin Fitzpatrick \u201cNenette\u201d ingresaron al\u00a0Programa Memento de la Universidad del Salvador\u00a0destinado a preservar a largo plazo el patrimonio documental de la&hellip;","rttpg_featured_image_url":{"full":["https:\/\/reducoc.org\/wp-content\/uploads\/2023\/10\/usal-yupanqui.jpg",500,340,false],"landscape":["https:\/\/reducoc.org\/wp-content\/uploads\/2023\/10\/usal-yupanqui.jpg",500,340,false],"portraits":["https:\/\/reducoc.org\/wp-content\/uploads\/2023\/10\/usal-yupanqui.jpg",500,340,false],"thumbnail":["https:\/\/reducoc.org\/wp-content\/uploads\/2023\/10\/usal-yupanqui-150x150.jpg",150,150,true],"medium":["https:\/\/reducoc.org\/wp-content\/uploads\/2023\/10\/usal-yupanqui-300x204.jpg",300,204,true],"large":["https:\/\/reducoc.org\/wp-content\/uploads\/2023\/10\/usal-yupanqui.jpg",500,340,false],"1536x1536":["https:\/\/reducoc.org\/wp-content\/uploads\/2023\/10\/usal-yupanqui.jpg",500,340,false],"2048x2048":["https:\/\/reducoc.org\/wp-content\/uploads\/2023\/10\/usal-yupanqui.jpg",500,340,false],"post_card_thumb":["https:\/\/reducoc.org\/wp-content\/uploads\/2023\/10\/usal-yupanqui.jpg",500,340,false],"tp-image-grid":["https:\/\/reducoc.org\/wp-content\/uploads\/2023\/10\/usal-yupanqui.jpg",500,340,false]},"rttpg_author":{"display_name":"admin","author_link":"https:\/\/reducoc.org\/index.php\/author\/admin\/"},"rttpg_comment":0,"rttpg_category":"<a href=\"https:\/\/reducoc.org\/index.php\/category\/uncategorized\/\" rel=\"category tag\">Uncategorized<\/a>","rttpg_excerpt":"Noticias Fondo Atahualpa Yupanqui: Memorias en papel Fondo Atahualpa Yupanqui: Memorias en papel Desde el a\u00f1o 2022 los libros y papeles que pertenecieron a Atahualpa Yupanqui y a su esposa, la pianista Antonietta Paule Pepin Fitzpatrick \u201cNenette\u201d ingresaron al\u00a0Programa Memento de la Universidad del Salvador\u00a0destinado a preservar a largo plazo el patrimonio documental de la&hellip;","_links":{"self":[{"href":"https:\/\/reducoc.org\/index.php\/wp-json\/wp\/v2\/posts\/469","targetHints":{"allow":["GET"]}}],"collection":[{"href":"https:\/\/reducoc.org\/index.php\/wp-json\/wp\/v2\/posts"}],"about":[{"href":"https:\/\/reducoc.org\/index.php\/wp-json\/wp\/v2\/types\/post"}],"author":[{"embeddable":true,"href":"https:\/\/reducoc.org\/index.php\/wp-json\/wp\/v2\/users\/1"}],"replies":[{"embeddable":true,"href":"https:\/\/reducoc.org\/index.php\/wp-json\/wp\/v2\/comments?post=469"}],"version-history":[{"count":1,"href":"https:\/\/reducoc.org\/index.php\/wp-json\/wp\/v2\/posts\/469\/revisions"}],"predecessor-version":[{"id":471,"href":"https:\/\/reducoc.org\/index.php\/wp-json\/wp\/v2\/posts\/469\/revisions\/471"}],"wp:featuredmedia":[{"embeddable":true,"href":"https:\/\/reducoc.org\/index.php\/wp-json\/wp\/v2\/media\/446"}],"wp:attachment":[{"href":"https:\/\/reducoc.org\/index.php\/wp-json\/wp\/v2\/media?parent=469"}],"wp:term":[{"taxonomy":"category","embeddable":true,"href":"https:\/\/reducoc.org\/index.php\/wp-json\/wp\/v2\/categories?post=469"},{"taxonomy":"post_tag","embeddable":true,"href":"https:\/\/reducoc.org\/index.php\/wp-json\/wp\/v2\/tags?post=469"}],"curies":[{"name":"wp","href":"https:\/\/api.w.org\/{rel}","templated":true}]}}